{"id":1,"date":"2025-02-26T17:23:49","date_gmt":"2025-02-26T17:23:49","guid":{"rendered":"https:\/\/selbaacrobatics.hu\/site\/?p=1"},"modified":"2025-03-07T08:04:10","modified_gmt":"2025-03-07T07:04:10","slug":"istvanovszkine-bakonyi-lili","status":"publish","type":"post","link":"https:\/\/selbaacrobatics.hu\/site\/istvanovszkine-bakonyi-lili\/","title":{"rendered":"Istvanovszkin\u00e9 Bakonyi Lili"},"content":{"rendered":"<div id=\"fb-root\"><\/div>\n<p style=\"text-align: justify;\">Kisgyermek koromban ker\u00fcltem bele a Fitness \u00e9s Akrobatika vil\u00e1g\u00e1ba. Az id\u0151 el\u0151rehaladt\u00e1val tudtam, hogy nem csak \u0171zni szeretn\u00e9m szeretett sport\u00e1gamat, hanem \u00e1tadni a tud\u00e1somat a tanulni k\u00e9sz\u00fcl\u0151 gener\u00e1ci\u00f3nak. Jelenleg v\u00e9gz\u0151s hallgat\u00f3ja vagyok a Magyar Testnevel\u00e9si \u00e9s Sporttudom\u00e1nyi Egyetem, Mester szertornaedz\u0151i szak\u00e1nak.<\/p>\n<p style=\"text-align: justify;\">A versenyz\u00e9s sem \u00e1ll t\u00e1vol t\u0151lem, hiszen akt\u00edv versenyz\u0151k\u00e9nt is tev\u00e9kenykedem, mind a mai napig nemzetk\u00f6zi szinten. Sz\u00e1mos vil\u00e1gbajnoki \u00e9s eur\u00f3pa bajnoki c\u00edmmel rendelkezem. A c\u00e9lom, hogy min\u00e9l t\u00f6bb sportolni v\u00e1gy\u00f3val megismertessem \u00e9s megszerettessem az akrobatik\u00e1t. B\u00edzom benne, hogy legal\u00e1bb annyit minden j\u00f3t tudnak kapni ett\u0151l a gy\u00f6ny\u00f6r\u0171 sportt\u00f3l, mint amennyit \u00e9n kaptam.<\/p>\n","protected":false},"excerpt":{"rendered":"<p>Kisgyermek koromban ker\u00fcltem bele a Fitness \u00e9s Akrobatika vil\u00e1g\u00e1ba. Az id\u0151 el\u0151rehaladt\u00e1val tudtam, hogy nem csak \u0171zni szeretn\u00e9m szeretett sport\u00e1gamat, hanem \u00e1tadni a tud\u00e1somat a tanulni k\u00e9sz\u00fcl\u0151 gener\u00e1ci\u00f3nak. Jelenleg v\u00e9gz\u0151s hallgat\u00f3ja vagyok a Magyar Testnevel\u00e9si \u00e9s Sporttudom\u00e1nyi Egyetem, Mester szertornaedz\u0151i szak\u00e1nak. A versenyz\u00e9s sem \u00e1ll t\u00e1vol t\u0151lem, hiszen akt\u00edv versenyz\u0151k\u00e9nt is tev\u00e9kenykedem, mind a mai [&hellip;]<\/p>\n","protected":false},"author":1,"featured_media":187,"comment_status":"open","ping_status":"open","sticky":false,"template":"","format":"standard","meta":{"footnotes":""},"categories":[1],"tags":[2,3,4,5,6,7],"class_list":["post-1","post","type-post","status-publish","format-standard","has-post-thumbnail","hentry","category-edzoink","tag-bakonyi-lili","tag-oktato","tag-selba-acrobatics","tag-torna","tag-akrobatika","tag-edzo"],"_links":{"self":[{"href":"https:\/\/selbaacrobatics.hu\/site\/wp-json\/wp\/v2\/posts\/1","targetHints":{"allow":["GET"]}}],"collection":[{"href":"https:\/\/selbaacrobatics.hu\/site\/wp-json\/wp\/v2\/posts"}],"about":[{"href":"https:\/\/selbaacrobatics.hu\/site\/wp-json\/wp\/v2\/types\/post"}],"author":[{"embeddable":true,"href":"https:\/\/selbaacrobatics.hu\/site\/wp-json\/wp\/v2\/users\/1"}],"replies":[{"embeddable":true,"href":"https:\/\/selbaacrobatics.hu\/site\/wp-json\/wp\/v2\/comments?post=1"}],"version-history":[{"count":7,"href":"https:\/\/selbaacrobatics.hu\/site\/wp-json\/wp\/v2\/posts\/1\/revisions"}],"predecessor-version":[{"id":237,"href":"https:\/\/selbaacrobatics.hu\/site\/wp-json\/wp\/v2\/posts\/1\/revisions\/237"}],"wp:featuredmedia":[{"embeddable":true,"href":"https:\/\/selbaacrobatics.hu\/site\/wp-json\/wp\/v2\/media\/187"}],"wp:attachment":[{"href":"https:\/\/selbaacrobatics.hu\/site\/wp-json\/wp\/v2\/media?parent=1"}],"wp:term":[{"taxonomy":"category","embeddable":true,"href":"https:\/\/selbaacrobatics.hu\/site\/wp-json\/wp\/v2\/categories?post=1"},{"taxonomy":"post_tag","embeddable":true,"href":"https:\/\/selbaacrobatics.hu\/site\/wp-json\/wp\/v2\/tags?post=1"}],"curies":[{"name":"wp","href":"https:\/\/api.w.org\/{rel}","templated":true}]}}