{"id":130,"date":"2025-03-01T16:07:06","date_gmt":"2025-03-01T15:07:06","guid":{"rendered":"https:\/\/selbaacrobatics.hu\/site\/?p=130"},"modified":"2025-03-01T18:49:15","modified_gmt":"2025-03-01T17:49:15","slug":"al-salty-dalia","status":"publish","type":"post","link":"https:\/\/selbaacrobatics.hu\/site\/al-salty-dalia\/","title":{"rendered":"Al-Salty D\u00e1lia"},"content":{"rendered":"<div id=\"fb-root\"><\/div>\n<p style=\"text-align: justify;\"><strong>Al-Salty D\u00e1lia vagyok \u00e9s huszonkilenc \u00e9ves. Szertorn\u00e1sz sportp\u00e1lyafut\u00e1somat h\u00e9t\u00e9vesen kezdtem, majd a hobbib\u00f3l k\u00e9s\u0151bb hivat\u00e1s lett. Ifj\u00fas\u00e1gi v\u00e1logatottba ker\u00fcltem, <\/strong><strong>2012 \u00e9s 2019 k\u00f6z\u00f6tt pedig a feln\u0151tt v\u00e1logatott tagjak\u00e9nt versenyeztem. T\u00f6bb vil\u00e1gbajnoks\u00e1gon \u00e9s eur\u00f3pa bajnoks\u00e1gon is r\u00e9szt vettem.<\/strong><\/p>\n<p style=\"text-align: justify;\"><strong>Legjobb eredm\u00e9nyeim:<\/strong> Grand Prix (Szombathely &#8211; Magyarorsz\u00e1g) gerenda 2. hely, Vil\u00e1gkupa (Koper &#8211; Szlov\u00e9nia) gerenda 8. hely, Orsz\u00e1gos Magyar Bajnoks\u00e1g 1. hely.<\/p>\n<p style=\"text-align: justify;\">Sportol\u00f3i karrierem alatt elv\u00e9geztem a Testnevel\u00e9si Egyetem testnevel\u0151-edz\u0151i szakot. 2020 \u00f3ta szertorna-edz\u0151k\u00e9nt dolgozom, valamint fitkid versenyz\u0151knek oktatok akrobatik\u00e1t \u00e9s alkalmank\u00e9nt kaszkad\u0151rk\u00f6d\u00f6m a torn\u00e1sz m\u00faltnak k\u00f6sz\u00f6nhet\u0151en.<\/p>\n","protected":false},"excerpt":{"rendered":"<p>Al-Salty D\u00e1lia vagyok \u00e9s huszonkilenc \u00e9ves. Szertorn\u00e1sz sportp\u00e1lyafut\u00e1somat h\u00e9t\u00e9vesen kezdtem, majd a hobbib\u00f3l k\u00e9s\u0151bb hivat\u00e1s lett. Ifj\u00fas\u00e1gi v\u00e1logatottba ker\u00fcltem, 2012 \u00e9s 2019 k\u00f6z\u00f6tt pedig a feln\u0151tt v\u00e1logatott tagjak\u00e9nt versenyeztem. T\u00f6bb vil\u00e1gbajnoks\u00e1gon \u00e9s eur\u00f3pa bajnoks\u00e1gon is r\u00e9szt vettem. Legjobb eredm\u00e9nyeim: Grand Prix (Szombathely &#8211; Magyarorsz\u00e1g) gerenda 2. hely, Vil\u00e1gkupa (Koper &#8211; Szlov\u00e9nia) gerenda 8. hely, Orsz\u00e1gos [&hellip;]<\/p>\n","protected":false},"author":1,"featured_media":186,"comment_status":"closed","ping_status":"closed","sticky":false,"template":"","format":"standard","meta":{"footnotes":""},"categories":[1],"tags":[3,4,5,7,9],"class_list":["post-130","post","type-post","status-publish","format-standard","has-post-thumbnail","hentry","category-edzoink","tag-oktato","tag-selba-acrobatics","tag-torna","tag-edzo","tag-al-salty-dalia"],"_links":{"self":[{"href":"https:\/\/selbaacrobatics.hu\/site\/wp-json\/wp\/v2\/posts\/130","targetHints":{"allow":["GET"]}}],"collection":[{"href":"https:\/\/selbaacrobatics.hu\/site\/wp-json\/wp\/v2\/posts"}],"about":[{"href":"https:\/\/selbaacrobatics.hu\/site\/wp-json\/wp\/v2\/types\/post"}],"author":[{"embeddable":true,"href":"https:\/\/selbaacrobatics.hu\/site\/wp-json\/wp\/v2\/users\/1"}],"replies":[{"embeddable":true,"href":"https:\/\/selbaacrobatics.hu\/site\/wp-json\/wp\/v2\/comments?post=130"}],"version-history":[{"count":7,"href":"https:\/\/selbaacrobatics.hu\/site\/wp-json\/wp\/v2\/posts\/130\/revisions"}],"predecessor-version":[{"id":144,"href":"https:\/\/selbaacrobatics.hu\/site\/wp-json\/wp\/v2\/posts\/130\/revisions\/144"}],"wp:featuredmedia":[{"embeddable":true,"href":"https:\/\/selbaacrobatics.hu\/site\/wp-json\/wp\/v2\/media\/186"}],"wp:attachment":[{"href":"https:\/\/selbaacrobatics.hu\/site\/wp-json\/wp\/v2\/media?parent=130"}],"wp:term":[{"taxonomy":"category","embeddable":true,"href":"https:\/\/selbaacrobatics.hu\/site\/wp-json\/wp\/v2\/categories?post=130"},{"taxonomy":"post_tag","embeddable":true,"href":"https:\/\/selbaacrobatics.hu\/site\/wp-json\/wp\/v2\/tags?post=130"}],"curies":[{"name":"wp","href":"https:\/\/api.w.org\/{rel}","templated":true}]}}