{"id":147,"date":"2025-03-01T16:59:54","date_gmt":"2025-03-01T15:59:54","guid":{"rendered":"https:\/\/selbaacrobatics.hu\/site\/?p=147"},"modified":"2025-03-01T18:50:24","modified_gmt":"2025-03-01T17:50:24","slug":"toth-levente","status":"publish","type":"post","link":"https:\/\/selbaacrobatics.hu\/site\/toth-levente\/","title":{"rendered":"T\u00f3th Levente"},"content":{"rendered":"<div id=\"fb-root\"><\/div>\n<p style=\"text-align: justify;\"><strong>T\u00f3th Levente vagyok \u00e9s 25 \u00e9ve k\u00f6t\u0151d\u00f6m a szertorn\u00e1hoz.<\/strong><\/p>\n<p style=\"text-align: justify;\">Tizen\u00f6t \u00e9ven kereszt\u00fcl \u00e9lsportol\u00f3k\u00e9nt, ut\u00e1np\u00f3tl\u00e1s \u00e9s feln\u0151tt v\u00e1logatottk\u00e9nt, az ut\u00f3bbi t\u00edz \u00e9vben pedig edz\u0151k\u00e9nt dolgoztam. A Testnevel\u00e9si Egyetemen szereztem szakedz\u0151i diplom\u00e1t. Edz\u0151k\u00e9nt a versenyz\u0151im k\u00f6z\u00f6tt voltak ut\u00e1np\u00f3tl\u00e1s- \u00e9s feln\u0151tt v\u00e1logatottak, t\u00f6bbsz\u00f6r\u00f6s magyar bajnokok, Ifj\u00fas\u00e1gi Eur\u00f3pa bajnoki csapattagok, Ifj\u00fas\u00e1gi Vil\u00e1gbajnoks\u00e1g \u00f6sszetett- \u00e9s ny\u00fajt\u00f3 d\u00f6nt\u0151s, Gymnasiade gy\u0171r\u0171-bajnok \u00e9s \u00f6sszetett, csapat-, valamint talaj ez\u00fcst\u00e9rmes, tov\u00e1bb\u00e1 Eur\u00f3pai Junior Olimpia ny\u00fajt\u00f3 arany\u00e9rmes sportokol\u00f3k is.<\/p>\n<p style=\"text-align: justify;\"><strong>Az tornasport mellett m\u00e1s sport\u00e1gb\u00f3l \u00e9rkez\u0151 sportol\u00f3kkal is foglalkoztam akrobatika vagy koordin\u00e1ci\u00f3s, illetve kond\u00edcion\u00e1lis k\u00e9pess\u00e9geik fejleszt\u00e9s\u00e9vel.<\/strong><\/p>\n","protected":false},"excerpt":{"rendered":"<p>T\u00f3th Levente vagyok \u00e9s 25 \u00e9ve k\u00f6t\u0151d\u00f6m a szertorn\u00e1hoz. Tizen\u00f6t \u00e9ven kereszt\u00fcl \u00e9lsportol\u00f3k\u00e9nt, ut\u00e1np\u00f3tl\u00e1s \u00e9s feln\u0151tt v\u00e1logatottk\u00e9nt, az ut\u00f3bbi t\u00edz \u00e9vben pedig edz\u0151k\u00e9nt dolgoztam. A Testnevel\u00e9si Egyetemen szereztem szakedz\u0151i diplom\u00e1t. Edz\u0151k\u00e9nt a versenyz\u0151im k\u00f6z\u00f6tt voltak ut\u00e1np\u00f3tl\u00e1s- \u00e9s feln\u0151tt v\u00e1logatottak, t\u00f6bbsz\u00f6r\u00f6s magyar bajnokok, Ifj\u00fas\u00e1gi Eur\u00f3pa bajnoki csapattagok, Ifj\u00fas\u00e1gi Vil\u00e1gbajnoks\u00e1g \u00f6sszetett- \u00e9s ny\u00fajt\u00f3 d\u00f6nt\u0151s, Gymnasiade gy\u0171r\u0171-bajnok \u00e9s [&hellip;]<\/p>\n","protected":false},"author":1,"featured_media":188,"comment_status":"closed","ping_status":"closed","sticky":false,"template":"","format":"standard","meta":{"footnotes":""},"categories":[1],"tags":[3,4,5,7,11],"class_list":["post-147","post","type-post","status-publish","format-standard","has-post-thumbnail","hentry","category-edzoink","tag-oktato","tag-selba-acrobatics","tag-torna","tag-edzo","tag-toth-levente"],"_links":{"self":[{"href":"https:\/\/selbaacrobatics.hu\/site\/wp-json\/wp\/v2\/posts\/147","targetHints":{"allow":["GET"]}}],"collection":[{"href":"https:\/\/selbaacrobatics.hu\/site\/wp-json\/wp\/v2\/posts"}],"about":[{"href":"https:\/\/selbaacrobatics.hu\/site\/wp-json\/wp\/v2\/types\/post"}],"author":[{"embeddable":true,"href":"https:\/\/selbaacrobatics.hu\/site\/wp-json\/wp\/v2\/users\/1"}],"replies":[{"embeddable":true,"href":"https:\/\/selbaacrobatics.hu\/site\/wp-json\/wp\/v2\/comments?post=147"}],"version-history":[{"count":1,"href":"https:\/\/selbaacrobatics.hu\/site\/wp-json\/wp\/v2\/posts\/147\/revisions"}],"predecessor-version":[{"id":148,"href":"https:\/\/selbaacrobatics.hu\/site\/wp-json\/wp\/v2\/posts\/147\/revisions\/148"}],"wp:featuredmedia":[{"embeddable":true,"href":"https:\/\/selbaacrobatics.hu\/site\/wp-json\/wp\/v2\/media\/188"}],"wp:attachment":[{"href":"https:\/\/selbaacrobatics.hu\/site\/wp-json\/wp\/v2\/media?parent=147"}],"wp:term":[{"taxonomy":"category","embeddable":true,"href":"https:\/\/selbaacrobatics.hu\/site\/wp-json\/wp\/v2\/categories?post=147"},{"taxonomy":"post_tag","embeddable":true,"href":"https:\/\/selbaacrobatics.hu\/site\/wp-json\/wp\/v2\/tags?post=147"}],"curies":[{"name":"wp","href":"https:\/\/api.w.org\/{rel}","templated":true}]}}