{"id":155,"date":"2025-03-01T17:39:54","date_gmt":"2025-03-01T16:39:54","guid":{"rendered":"https:\/\/selbaacrobatics.hu\/site\/?p=155"},"modified":"2025-03-01T18:51:38","modified_gmt":"2025-03-01T17:51:38","slug":"babos-adam","status":"publish","type":"post","link":"https:\/\/selbaacrobatics.hu\/site\/babos-adam\/","title":{"rendered":"Babos \u00c1d\u00e1m"},"content":{"rendered":"<div id=\"fb-root\"><\/div>\n<p style=\"text-align: justify;\"><strong>Babos \u00c1d\u00e1m vagyok, volt v\u00e1logatott szertorn\u00e1sz \u00e9s a Selba Acrobatics egyik alap\u00edt\u00f3 tagja.<\/strong><\/p>\n<p style=\"text-align: justify;\">A sport m\u00e1r gyermekkorom \u00f3ta az \u00e9letem r\u00e9sze, hat\u00e9vesen kezdtem el p\u00e1lyafut\u00e1somat a Ferencv\u00e1rosi Torna Club-ban. Sz\u00e1mos ifj\u00fas\u00e1gi- \u00e9s feln\u0151tt vil\u00e1gversenyen k\u00e9pviselhettem haz\u00e1mat \u00e9s b\u00fcszke vagyok r\u00e1, hogy a p\u00e1rizsi Vil\u00e1gkup\u00e1n 4. helyez\u00e9st \u00e9rtem el a korl\u00e1t d\u00f6nt\u0151ben, r\u00e1ad\u00e1sul egy olyan gyakorlattal, amiben bemutathattam a saj\u00e1t &#8220;Babos&#8221; nev\u0171 egyedi elememet.<\/p>\n<p style=\"text-align: justify;\">A sport megtan\u00edtott arra, hogy k\u00fczdjek \u00e9s hajtsak az \u00e1lmaim\u00e9rt. Miut\u00e1n befejeztem az \u00e9lsportot, \u00fagy d\u00f6nt\u00f6ttem, hogy tov\u00e1bbra is a sport vil\u00e1g\u00e1ban szeretn\u00e9k dolgozni. Ez\u00e9rt 2020-ban, gyerekkori bar\u00e1tommal \u00e9s csapatt\u00e1rsammal, Selmeczi B\u00e1nkkal megalap\u00edtottuk a Selba Acrobatics-ot. C\u00e9lunk egy olyan k\u00f6z\u00f6ss\u00e9g l\u00e9trehoz\u00e1sa, ahol mindenki &#8211; legyen az gyerek vagy feln\u0151tt &#8211; k\u00f6telezetts\u00e9gek n\u00e9lk\u00fcl, saj\u00e1t tud\u00e1s\u00e1nak megfelel\u0151en fejl\u0151dhet akrobatik\u00e1ban vagy torn\u00e1ban. Az a v\u00e1gyunk, hogy mindenki boldogan j\u00f6jj\u00f6n edz\u00e9seinkre \u00e9s \u00e9lvezze a k\u00f6z\u00f6s tanul\u00e1st, fejl\u0151d\u00e9st.<\/p>\n<p style=\"text-align: justify;\"><strong>Csatlakozz b\u00e1tran \u00e9s l\u00e9gy r\u00e9sze ennek a t\u00e1mogat\u00f3 \u00e9s inspir\u00e1l\u00f3 k\u00f6z\u00f6ss\u00e9gnek!<\/strong><\/p>\n","protected":false},"excerpt":{"rendered":"<p>Babos \u00c1d\u00e1m vagyok, volt v\u00e1logatott szertorn\u00e1sz \u00e9s a Selba Acrobatics egyik alap\u00edt\u00f3 tagja. A sport m\u00e1r gyermekkorom \u00f3ta az \u00e9letem r\u00e9sze, hat\u00e9vesen kezdtem el p\u00e1lyafut\u00e1somat a Ferencv\u00e1rosi Torna Club-ban. Sz\u00e1mos ifj\u00fas\u00e1gi- \u00e9s feln\u0151tt vil\u00e1gversenyen k\u00e9pviselhettem haz\u00e1mat \u00e9s b\u00fcszke vagyok r\u00e1, hogy a p\u00e1rizsi Vil\u00e1gkup\u00e1n 4. helyez\u00e9st \u00e9rtem el a korl\u00e1t d\u00f6nt\u0151ben, r\u00e1ad\u00e1sul egy olyan gyakorlattal, [&hellip;]<\/p>\n","protected":false},"author":1,"featured_media":190,"comment_status":"closed","ping_status":"closed","sticky":false,"template":"","format":"standard","meta":{"footnotes":""},"categories":[1],"tags":[5,7,12,3,4],"class_list":["post-155","post","type-post","status-publish","format-standard","has-post-thumbnail","hentry","category-edzoink","tag-torna","tag-edzo","tag-babos-adam","tag-oktato","tag-selba-acrobatics"],"_links":{"self":[{"href":"https:\/\/selbaacrobatics.hu\/site\/wp-json\/wp\/v2\/posts\/155","targetHints":{"allow":["GET"]}}],"collection":[{"href":"https:\/\/selbaacrobatics.hu\/site\/wp-json\/wp\/v2\/posts"}],"about":[{"href":"https:\/\/selbaacrobatics.hu\/site\/wp-json\/wp\/v2\/types\/post"}],"author":[{"embeddable":true,"href":"https:\/\/selbaacrobatics.hu\/site\/wp-json\/wp\/v2\/users\/1"}],"replies":[{"embeddable":true,"href":"https:\/\/selbaacrobatics.hu\/site\/wp-json\/wp\/v2\/comments?post=155"}],"version-history":[{"count":2,"href":"https:\/\/selbaacrobatics.hu\/site\/wp-json\/wp\/v2\/posts\/155\/revisions"}],"predecessor-version":[{"id":158,"href":"https:\/\/selbaacrobatics.hu\/site\/wp-json\/wp\/v2\/posts\/155\/revisions\/158"}],"wp:featuredmedia":[{"embeddable":true,"href":"https:\/\/selbaacrobatics.hu\/site\/wp-json\/wp\/v2\/media\/190"}],"wp:attachment":[{"href":"https:\/\/selbaacrobatics.hu\/site\/wp-json\/wp\/v2\/media?parent=155"}],"wp:term":[{"taxonomy":"category","embeddable":true,"href":"https:\/\/selbaacrobatics.hu\/site\/wp-json\/wp\/v2\/categories?post=155"},{"taxonomy":"post_tag","embeddable":true,"href":"https:\/\/selbaacrobatics.hu\/site\/wp-json\/wp\/v2\/tags?post=155"}],"curies":[{"name":"wp","href":"https:\/\/api.w.org\/{rel}","templated":true}]}}