{"id":299,"date":"2026-03-17T08:30:28","date_gmt":"2026-03-17T07:30:28","guid":{"rendered":"https:\/\/selbaacrobatics.hu\/site\/?p=299"},"modified":"2026-03-17T08:30:46","modified_gmt":"2026-03-17T07:30:46","slug":"edzesek-a-tavaszi-szunet-alatt","status":"publish","type":"post","link":"https:\/\/selbaacrobatics.hu\/site\/edzesek-a-tavaszi-szunet-alatt\/","title":{"rendered":"Edz\u00e9sek a Tavaszi Sz\u00fcnet alatt"},"content":{"rendered":"<div id=\"fb-root\"><\/div>\n<p>&nbsp;<\/p>\n<p class=\"isSelectedEnd\">Kedves Torn\u00e1szaink! \ud83e\udd38\u200d\u2640\ufe0f<\/p>\n<p class=\"isSelectedEnd\">\u00c9rkezik a j\u00f3 id\u0151, \u00e9s vele egy\u00fctt a j\u00f3l meg\u00e9rdemelt tavaszi sz\u00fcnet is! \ud83c\udf38\u2600\ufe0f Ennek ellen\u00e9re igyeksz\u00fcnk sz\u00e1motokra min\u00e9l t\u00f6bb akrobatika edz\u00e9st biztos\u00edtani, hogy a sz\u00fcnetben is tudjatok fejl\u0151dni.<\/p>\n<p><strong>\u00a0<\/strong><\/p>\n<p class=\"isSelectedEnd\">A tavaszi sz\u00fcnet alatti edz\u00e9sek az al\u00e1bbiak szerint alakulnak:<\/p>\n<p class=\"isSelectedEnd\"><strong>\ud83d\udcc5 \u00c1prilis 1. (szerda) \u2013 18:00\u201319:30\u00a0<\/strong><br \/>\n<b><\/b><strong>\ud83d\udcc5 \u00c1prilis 2. (cs\u00fct\u00f6rt\u00f6k) \u2013 18:00\u201319:30<\/strong><\/p>\n<p class=\"isSelectedEnd\"><strong>\u2757 \u00c1prilis 3., 4. \u00e9s 6. \u2013 az edz\u00e9sek elmaradnak.<\/strong><\/p>\n<p class=\"isSelectedEnd\">Ezt k\u00f6vet\u0151en minden edz\u00e9s a megszokott rend szerint folytat\u00f3dik.<\/p>\n<p>V\u00e1runk benneteket szeretettel! \ud83d\udc99K\u00f6sz\u00f6nj\u00fck!<\/p>\n","protected":false},"excerpt":{"rendered":"<p>&nbsp; Kedves Torn\u00e1szaink! \ud83e\udd38\u200d\u2640\ufe0f \u00c9rkezik a j\u00f3 id\u0151, \u00e9s vele egy\u00fctt a j\u00f3l meg\u00e9rdemelt tavaszi sz\u00fcnet is! \ud83c\udf38\u2600\ufe0f Ennek ellen\u00e9re igyeksz\u00fcnk sz\u00e1motokra min\u00e9l t\u00f6bb akrobatika edz\u00e9st biztos\u00edtani, hogy a sz\u00fcnetben is tudjatok fejl\u0151dni. \u00a0 A tavaszi sz\u00fcnet alatti edz\u00e9sek az al\u00e1bbiak szerint alakulnak: \ud83d\udcc5 \u00c1prilis 1. (szerda) \u2013 18:00\u201319:30\u00a0 \ud83d\udcc5 \u00c1prilis 2. (cs\u00fct\u00f6rt\u00f6k) \u2013 18:00\u201319:30 [&hellip;]<\/p>\n","protected":false},"author":1,"featured_media":300,"comment_status":"closed","ping_status":"closed","sticky":false,"template":"","format":"standard","meta":{"footnotes":""},"categories":[14],"tags":[],"class_list":["post-299","post","type-post","status-publish","format-standard","has-post-thumbnail","hentry","category-hirek"],"_links":{"self":[{"href":"https:\/\/selbaacrobatics.hu\/site\/wp-json\/wp\/v2\/posts\/299","targetHints":{"allow":["GET"]}}],"collection":[{"href":"https:\/\/selbaacrobatics.hu\/site\/wp-json\/wp\/v2\/posts"}],"about":[{"href":"https:\/\/selbaacrobatics.hu\/site\/wp-json\/wp\/v2\/types\/post"}],"author":[{"embeddable":true,"href":"https:\/\/selbaacrobatics.hu\/site\/wp-json\/wp\/v2\/users\/1"}],"replies":[{"embeddable":true,"href":"https:\/\/selbaacrobatics.hu\/site\/wp-json\/wp\/v2\/comments?post=299"}],"version-history":[{"count":2,"href":"https:\/\/selbaacrobatics.hu\/site\/wp-json\/wp\/v2\/posts\/299\/revisions"}],"predecessor-version":[{"id":302,"href":"https:\/\/selbaacrobatics.hu\/site\/wp-json\/wp\/v2\/posts\/299\/revisions\/302"}],"wp:featuredmedia":[{"embeddable":true,"href":"https:\/\/selbaacrobatics.hu\/site\/wp-json\/wp\/v2\/media\/300"}],"wp:attachment":[{"href":"https:\/\/selbaacrobatics.hu\/site\/wp-json\/wp\/v2\/media?parent=299"}],"wp:term":[{"taxonomy":"category","embeddable":true,"href":"https:\/\/selbaacrobatics.hu\/site\/wp-json\/wp\/v2\/categories?post=299"},{"taxonomy":"post_tag","embeddable":true,"href":"https:\/\/selbaacrobatics.hu\/site\/wp-json\/wp\/v2\/tags?post=299"}],"curies":[{"name":"wp","href":"https:\/\/api.w.org\/{rel}","templated":true}]}}