{"id":322,"date":"2026-08-15T22:14:15","date_gmt":"2026-08-15T20:14:15","guid":{"rendered":"https:\/\/selbaacrobatics.hu\/site\/?p=322"},"modified":"2026-08-15T22:24:19","modified_gmt":"2026-08-15T20:24:19","slug":"%f0%9f%93%a3szeptemberi-ujdonsagok-es-kezdesi-informaciok%f0%9f%a4%b8%e2%99%82%ef%b8%8f%e2%9c%a8","status":"publish","type":"post","link":"https:\/\/selbaacrobatics.hu\/site\/%f0%9f%93%a3szeptemberi-ujdonsagok-es-kezdesi-informaciok%f0%9f%a4%b8%e2%99%82%ef%b8%8f%e2%9c%a8\/","title":{"rendered":"\ud83d\udce3Szeptemberi \u00fajdons\u00e1gok \u00e9s kezd\u00e9si inform\u00e1ci\u00f3k\ud83e\udd38\u200d\u2642\ufe0f\u2728"},"content":{"rendered":"<div id=\"fb-root\"><\/div>\n<p>\ud83d\udce3 <strong>SZEPTEMBERI \u00daJDONS\u00c1GOK!<\/strong> \ud83e\udd38\u200d\u2642\ufe0f\u2728<\/p>\n<p>Szeptembert\u0151l t\u00f6bb v\u00e1ltoz\u00e1ssal is k\u00e9sz\u00fcl\u00fcnk nektek, hogy mindenki a saj\u00e1t tud\u00e1sszintj\u00e9nek megfelel\u0151 csoportban tudjon fejl\u0151dni! \ud83d\ude0a<\/p>\n<p><strong>\ud83d\uddd3\ufe0f H\u00e9tk\u00f6znapi edz\u00e9sek \u2013 tud\u00e1sszint szerinti csoportok<\/strong><\/p>\n<p>\ud83d\udd35 <strong>HALAD\u00d3 CSOPORT<\/strong><br \/>\nH\u00e9tf\u0151 \u00e9s cs\u00fct\u00f6rt\u00f6k<br \/>\n\u23f0 18:00\u201319:30<\/p>\n<p>\ud83d\udfe2 <strong>KEZD\u0150 CSOPORT<\/strong><br \/>\nKedd, szerda<br \/>\n\u23f0 18:00\u201319:30<\/p>\n<p><strong>\ud83d\udfe3VEGYES CSOPORT<\/strong><br \/>\nP\u00e9ntek<br \/>\n\u23f0 18:00\u201319:30<\/p>\n<p><strong>\u2600\ufe0f Szombati edz\u00e9sek<\/strong><\/p>\n<p>A szombati beoszt\u00e1s v\u00e1ltozatlan marad:<\/p>\n<p>\ud83d\udfe2 <strong>Kezd\u0151:<\/strong> 9:00\u201310:30<br \/>\n\ud83d\udd35 <strong>Halad\u00f3:<\/strong> 10:30\u201312:00<\/p>\n<p><strong>\ud83c\udf9f\ufe0f B\u00e9rletek \u00e9s alkalmi jegyek<\/strong><\/p>\n<p>A h\u00e9tk\u00f6znapi edz\u00e9seken r\u00e9sztvev\u0151k az els\u0151 edz\u00e9st k\u00f6vet\u0151en az al\u00e1bbi b\u00e9rletek k\u00f6z\u00fcl v\u00e1laszthatnak:<\/p>\n<p>\u2b50 <strong>4 alkalmas b\u00e9rlet:<\/strong> 20 000 Ft \u2013 30 napig \u00e9rv\u00e9nyes<br \/>\n\u2b50 <strong>5 alkalmas b\u00e9rlet:<\/strong> 22 500 Ft \u2013 30 napig \u00e9rv\u00e9nyes<br \/>\n\u2b50 <strong>10 alkalmas b\u00e9rlet:<\/strong> 40 000 Ft \u2013 30 napig \u00e9rv\u00e9nyes<\/p>\n<p>A <strong>szombati edz\u00e9seken alkalmi r\u00e9szv\u00e9telre is van lehet\u0151s\u00e9g<\/strong>, ennek d\u00edja:<br \/>\n\ud83d\udcb0 <strong>5 000 Ft \/ alkalom<\/strong><\/p>\n<p><strong>\ud83c\udf81 SZEPTEMBERI AKCI\u00d3 \u2013 ELS\u0150 EDZ\u00c9S INGYENES!<\/strong><\/p>\n<p>Szeptemberben <strong>minden \u00fajonnan csatlakoz\u00f3nak az els\u0151 edz\u00e9s INGYENES!<\/strong> \ud83e\udd29<\/p>\n<p>Az \u00e9v t\u00f6bbi h\u00f3napj\u00e1ban az els\u0151 pr\u00f3baedz\u00e9s d\u00edja <strong>4 500 Ft<\/strong>.<\/p>\n<p>Ha m\u00e1r j\u00e1rsz hozz\u00e1nk, de nem vagy biztos benne, hogy a kezd\u0151 vagy a halad\u00f3 csoport lenne sz\u00e1modra megfelel\u0151, keress minket b\u00e1tran az el\u00e9rhet\u0151s\u00e9geinken, \u00e9s seg\u00edt\u00fcnk! \ud83d\ude0a<\/p>\n<p>\ud83d\udc49 Akik az el\u0151z\u0151 id\u0151szakr\u00f3l m\u00e9g rendelkeznek \u00e1thozott b\u00e9rlettel, k\u00e9rj\u00fck, ezt az els\u0151 alkalommal jelezz\u00e9k nek\u00fcnk.<\/p>\n<p><strong>Szeptembert\u0151l is v\u00e1runk mindenkit sok szeretettel! <\/strong><strong>\u2764\ufe0f<br \/>\nTal\u00e1lkozunk az edz\u00e9seken! <\/strong><strong>\ud83e\udd38\u200d\u2640\ufe0f\ud83e\udd38\u200d\u2642\ufe0f<\/strong><\/p>\n","protected":false},"excerpt":{"rendered":"<p>\ud83d\udce3 SZEPTEMBERI \u00daJDONS\u00c1GOK! \ud83e\udd38\u200d\u2642\ufe0f\u2728 Szeptembert\u0151l t\u00f6bb v\u00e1ltoz\u00e1ssal is k\u00e9sz\u00fcl\u00fcnk nektek, hogy mindenki a saj\u00e1t tud\u00e1sszintj\u00e9nek megfelel\u0151 csoportban tudjon fejl\u0151dni! \ud83d\ude0a \ud83d\uddd3\ufe0f H\u00e9tk\u00f6znapi edz\u00e9sek \u2013 tud\u00e1sszint szerinti csoportok \ud83d\udd35 HALAD\u00d3 CSOPORT H\u00e9tf\u0151 \u00e9s cs\u00fct\u00f6rt\u00f6k \u23f0 18:00\u201319:30 \ud83d\udfe2 KEZD\u0150 CSOPORT Kedd, szerda \u23f0 18:00\u201319:30 \ud83d\udfe3VEGYES CSOPORT P\u00e9ntek \u23f0 18:00\u201319:30 \u2600\ufe0f Szombati edz\u00e9sek A szombati beoszt\u00e1s v\u00e1ltozatlan marad: [&hellip;]<\/p>\n","protected":false},"author":1,"featured_media":324,"comment_status":"closed","ping_status":"closed","sticky":false,"template":"","format":"standard","meta":{"footnotes":""},"categories":[14],"tags":[],"class_list":["post-322","post","type-post","status-publish","format-standard","has-post-thumbnail","hentry","category-hirek"],"_links":{"self":[{"href":"https:\/\/selbaacrobatics.hu\/site\/wp-json\/wp\/v2\/posts\/322","targetHints":{"allow":["GET"]}}],"collection":[{"href":"https:\/\/selbaacrobatics.hu\/site\/wp-json\/wp\/v2\/posts"}],"about":[{"href":"https:\/\/selbaacrobatics.hu\/site\/wp-json\/wp\/v2\/types\/post"}],"author":[{"embeddable":true,"href":"https:\/\/selbaacrobatics.hu\/site\/wp-json\/wp\/v2\/users\/1"}],"replies":[{"embeddable":true,"href":"https:\/\/selbaacrobatics.hu\/site\/wp-json\/wp\/v2\/comments?post=322"}],"version-history":[{"count":1,"href":"https:\/\/selbaacrobatics.hu\/site\/wp-json\/wp\/v2\/posts\/322\/revisions"}],"predecessor-version":[{"id":323,"href":"https:\/\/selbaacrobatics.hu\/site\/wp-json\/wp\/v2\/posts\/322\/revisions\/323"}],"wp:featuredmedia":[{"embeddable":true,"href":"https:\/\/selbaacrobatics.hu\/site\/wp-json\/wp\/v2\/media\/324"}],"wp:attachment":[{"href":"https:\/\/selbaacrobatics.hu\/site\/wp-json\/wp\/v2\/media?parent=322"}],"wp:term":[{"taxonomy":"category","embeddable":true,"href":"https:\/\/selbaacrobatics.hu\/site\/wp-json\/wp\/v2\/categories?post=322"},{"taxonomy":"post_tag","embeddable":true,"href":"https:\/\/selbaacrobatics.hu\/site\/wp-json\/wp\/v2\/tags?post=322"}],"curies":[{"name":"wp","href":"https:\/\/api.w.org\/{rel}","templated":true}]}}